{"id":462,"date":"2026-03-24T23:27:39","date_gmt":"2026-03-24T23:27:39","guid":{"rendered":"https:\/\/voyageslegrain.be\/?p=462"},"modified":"2026-07-27T15:42:03","modified_gmt":"2026-07-27T15:42:03","slug":"marche-de-noel-d-amiens-le-21-novembre-30e","status":"publish","type":"post","link":"https:\/\/voyageslegrain.be\/index.php\/2026\/03\/24\/marche-de-noel-d-amiens-le-21-novembre-30e\/","title":{"rendered":"March\u00e9 de No\u00ebl d&rsquo; Amiens le 21 Novembre  30\u20ac (cliquer sur l&rsquo;image)"},"content":{"rendered":"\n<figure class=\"wp-block-image size-large is-resized\"><img loading=\"lazy\" decoding=\"async\" width=\"1024\" height=\"1024\" src=\"https:\/\/voyageslegrain.be\/wp-content\/uploads\/2026\/03\/marche-noel-amiens-1024x1024.jpg\" alt=\"\" class=\"wp-image-464\" style=\"width:476px;height:auto\" srcset=\"https:\/\/voyageslegrain.be\/wp-content\/uploads\/2026\/03\/marche-noel-amiens-1024x1024.jpg 1024w, https:\/\/voyageslegrain.be\/wp-content\/uploads\/2026\/03\/marche-noel-amiens-300x300.jpg 300w, https:\/\/voyageslegrain.be\/wp-content\/uploads\/2026\/03\/marche-noel-amiens-150x150.jpg 150w, https:\/\/voyageslegrain.be\/wp-content\/uploads\/2026\/03\/marche-noel-amiens-768x768.jpg 768w, https:\/\/voyageslegrain.be\/wp-content\/uploads\/2026\/03\/marche-noel-amiens-1536x1536.jpg 1536w, https:\/\/voyageslegrain.be\/wp-content\/uploads\/2026\/03\/marche-noel-amiens.jpg 1920w\" sizes=\"auto, (max-width: 1024px) 100vw, 1024px\" \/><\/figure>\n\n\n\n<p class=\"wp-block-paragraph\">3 Lieux de Ramassage: Tubize pompe Q8 \u00e0 7h25, Braine le Comte \u00e0 la gare 7h40, et Ecaussinnes gare \u00e0 8h et d\u00e9part vers Amiens, nous ferons une courte pause \u00e0 l&rsquo;aire Havrincourt juste apr\u00e8s Cambrai.<\/p>\n\n\n\n<p class=\"wp-block-paragraph\">Arriv\u00e9 \u00e0 Amiens vers 10 h45, le chauffeur vous d\u00e9pose pr\u00e8s de la cath\u00e9drale, \u00e0 5 min du centre du march\u00e9. Votre journ\u00e9e est libre. <\/p>\n\n\n\n<p class=\"wp-block-paragraph\">Retour \u00e0 18h20 \u00e0 la cath\u00e9drale pour prendre le chemin du retour \u00e0 18h30 pr\u00e9cise. <br>Nous demandons \u00e0 tout le monde de bien respecter l&rsquo;heure du retour!<\/p>\n\n\n\n<p class=\"wp-block-paragraph\">R\u00e9server vite , nom , nbrs de pers, t\u00e9l, et lieu de ramassage.<\/p>\n\n\n\n<p class=\"wp-block-paragraph\">Au plaisir de vous rencontrer.<\/p>\n\n\n\n<p class=\"wp-block-paragraph\">INFO &amp; RESERVATION: <a href=\"https:\/\/voyageslegrain.be\/index.php\/contact-reservation\/\">Contact\/R\u00e9servation \u2013 Voyages LEGRAIN<\/a><\/p>\n","protected":false},"excerpt":{"rendered":"<p>3 Lieux de Ramassage: Tubize pompe Q8 \u00e0 7h25, Braine le Comte \u00e0 la gare 7h40, et Ecaussinnes gare \u00e0 [&hellip;]<\/p>\n","protected":false},"author":1,"featured_media":464,"comment_status":"closed","ping_status":"closed","sticky":false,"template":"","format":"standard","meta":{"site-sidebar-layout":"default","site-content-layout":"","ast-site-content-layout":"default","site-content-style":"default","site-sidebar-style":"default","ast-global-header-display":"","ast-banner-title-visibility":"","ast-main-header-display":"","ast-hfb-above-header-display":"","ast-hfb-below-header-display":"","ast-hfb-mobile-header-display":"","site-post-title":"","ast-breadcrumbs-content":"","ast-featured-img":"disabled","footer-sml-layout":"","ast-disable-related-posts":"","theme-transparent-header-meta":"","adv-header-id-meta":"","stick-header-meta":"","header-above-stick-meta":"","header-main-stick-meta":"","header-below-stick-meta":"","astra-migrate-meta-layouts":"default","ast-page-background-enabled":"default","ast-page-background-meta":{"desktop":{"background-color":"var(--ast-global-color-5)","background-image":"","background-repeat":"repeat","background-position":"center center","background-size":"auto","background-attachment":"scroll","background-type":"","background-media":"","overlay-type":"","overlay-color":"","overlay-opacity":"","overlay-gradient":""},"tablet":{"background-color":"","background-image":"","background-repeat":"repeat","background-position":"center center","background-size":"auto","background-attachment":"scroll","background-type":"","background-media":"","overlay-type":"","overlay-color":"","overlay-opacity":"","overlay-gradient":""},"mobile":{"background-color":"","background-image":"","background-repeat":"repeat","background-position":"center center","background-size":"auto","background-attachment":"scroll","background-type":"","background-media":"","overlay-type":"","overlay-color":"","overlay-opacity":"","overlay-gradient":""}},"ast-content-background-meta":{"desktop":{"background-color":"var(--ast-global-color-4)","background-image":"","background-repeat":"repeat","background-position":"center center","background-size":"auto","background-attachment":"scroll","background-type":"","background-media":"","overlay-type":"","overlay-color":"","overlay-opacity":"","overlay-gradient":""},"tablet":{"background-color":"var(--ast-global-color-4)","background-image":"","background-repeat":"repeat","background-position":"center center","background-size":"auto","background-attachment":"scroll","background-type":"","background-media":"","overlay-type":"","overlay-color":"","overlay-opacity":"","overlay-gradient":""},"mobile":{"background-color":"var(--ast-global-color-4)","background-image":"","background-repeat":"repeat","background-position":"center center","background-size":"auto","background-attachment":"scroll","background-type":"","background-media":"","overlay-type":"","overlay-color":"","overlay-opacity":"","overlay-gradient":""}},"footnotes":""},"categories":[1],"tags":[],"class_list":["post-462","post","type-post","status-publish","format-standard","has-post-thumbnail","hentry","category-destination-destination"],"_links":{"self":[{"href":"https:\/\/voyageslegrain.be\/index.php\/wp-json\/wp\/v2\/posts\/462","targetHints":{"allow":["GET"]}}],"collection":[{"href":"https:\/\/voyageslegrain.be\/index.php\/wp-json\/wp\/v2\/posts"}],"about":[{"href":"https:\/\/voyageslegrain.be\/index.php\/wp-json\/wp\/v2\/types\/post"}],"author":[{"embeddable":true,"href":"https:\/\/voyageslegrain.be\/index.php\/wp-json\/wp\/v2\/users\/1"}],"replies":[{"embeddable":true,"href":"https:\/\/voyageslegrain.be\/index.php\/wp-json\/wp\/v2\/comments?post=462"}],"version-history":[{"count":5,"href":"https:\/\/voyageslegrain.be\/index.php\/wp-json\/wp\/v2\/posts\/462\/revisions"}],"predecessor-version":[{"id":522,"href":"https:\/\/voyageslegrain.be\/index.php\/wp-json\/wp\/v2\/posts\/462\/revisions\/522"}],"wp:featuredmedia":[{"embeddable":true,"href":"https:\/\/voyageslegrain.be\/index.php\/wp-json\/wp\/v2\/media\/464"}],"wp:attachment":[{"href":"https:\/\/voyageslegrain.be\/index.php\/wp-json\/wp\/v2\/media?parent=462"}],"wp:term":[{"taxonomy":"category","embeddable":true,"href":"https:\/\/voyageslegrain.be\/index.php\/wp-json\/wp\/v2\/categories?post=462"},{"taxonomy":"post_tag","embeddable":true,"href":"https:\/\/voyageslegrain.be\/index.php\/wp-json\/wp\/v2\/tags?post=462"}],"curies":[{"name":"wp","href":"https:\/\/api.w.org\/{rel}","templated":true}]}}